{"id":745,"date":"2018-08-30T23:34:00","date_gmt":"2018-08-30T23:34:00","guid":{"rendered":"http:\/\/www.elementorh.com.br\/dicas-para-produzir-um-bom-curriculo\/"},"modified":"2022-03-10T13:17:58","modified_gmt":"2022-03-10T16:17:58","slug":"dicas-para-produzir-um-bom-curriculo","status":"publish","type":"post","link":"https:\/\/elementorh.com.br\/blog\/dicas-para-produzir-um-bom-curriculo\/","title":{"rendered":"Dicas para produzir um bom curr\u00edculo"},"content":{"rendered":"<p><strong>\u00a0<\/strong><\/p>\n<p>A maior dificuldade, hoje, para conseguir um emprego est\u00e1 nos momentos iniciais, antes de sair a procura. Isto \u00e9, quando voc\u00ea vai em busca de um trabalho, a primeira coisa que voc\u00ea faz \u00e9 montar o seu <strong>curr\u00edculo<\/strong>.<\/p>\n<p>Voc\u00ea precisar\u00e1 escrever um excelente curr\u00edculo para obter sua candidatura selecionada para uma entrevista.<\/p>\n<p>No entanto, muitos profissionais acabam \u201cpecando\u201d nessa hora, pelo simples fato de n\u00e3o saber elaborar um bom <em>curriculum vitae <\/em>ou n\u00e3o se atentar aos pequenos detalhes.<\/p>\n<p>Se voc\u00ea est\u00e1 em busca de dicas para melhorar o seu CV e se tornar um destaque aos olhos dos recrutadores, ent\u00e3o acompanhe essas dicas e aumente suas chances no mercado de trabalho.<\/p>\n<p>&nbsp;<\/p>\n<ul>\n<li><strong>Formato do curr\u00edculo<\/strong><\/li>\n<\/ul>\n<p>Existem v\u00e1rios tipos b\u00e1sicos de curr\u00edculos utilizados para candidatar-se a vagas de emprego. Dependendo das suas circunst\u00e2ncias pessoais e profissionais, escolha um curr\u00edculo espec\u00edfico.<\/p>\n<p>Use um modelo que poder\u00e1 apresentar melhor sua experi\u00eancia de trabalho, forma\u00e7\u00e3o educacional e conjunto de habilidades.<\/p>\n<p>&nbsp;<\/p>\n<ul>\n<li><strong>Informa\u00e7\u00f5es importantes<\/strong><\/li>\n<\/ul>\n<p>A primeira coisa que voc\u00ea deve observar \u00e9 se o seu<strong> curr\u00edculo <\/strong>est\u00e1 com informa\u00e7\u00f5es em excesso. Tem pessoas que acabam colocando dados demais, os quais n\u00e3o tem necessidade de inserir. Por exemplo, colocar o n\u00famero do seu CPF ou do seu RG no <strong>curr\u00edculo<\/strong>, n\u00e3o tem motivo e nem interessa ao selecionador, naquele momento.<\/p>\n<p>O importante \u00e9 ser objetivo. Coloque dados para contato, seu nome completo e n\u00e3o esque\u00e7a de inserir seu objetivo profissional, \u00e9 muito importante essa informa\u00e7\u00e3o, pois assim, o recrutador poder\u00e1 te direcionar melhor a uma oportunidade de emprego que se encaixe ao seu perfil.<\/p>\n<p>&nbsp;<\/p>\n<ul>\n<li><strong>Evite colocar fotos<\/strong><\/li>\n<\/ul>\n<p>Outro erro muito comum de quem vai montar um<strong> curr\u00edculo <\/strong>\u00e9 inserir fotos. N\u00e3o se deve colocar fotos, a menos que o selecionador solicite, do contr\u00e1rio, n\u00e3o ser\u00e1 necess\u00e1rio.<\/p>\n<p>E mais, se caso for pedido alguma foto, coloque uma 3&#215;4 ou qualquer outra que mostre mais seriedade. Nada de inserir fotos com <em>selfies<\/em> ou fotos de perfil de m\u00eddias sociais. Este \u00e9 um momento s\u00e9rio e, \u00e9 sua carreira profissional que est\u00e1 em jogo. Por isso, busque ser bem direto na hora de criar o seu CV.<\/p>\n<p>&nbsp;<\/p>\n<ul>\n<li><strong>Linguagem do curr\u00edculo<\/strong><\/li>\n<\/ul>\n<p>Esse \u00e9 um item bastante importante, pois envolve tanto a linguagem gr\u00e1fica quanto a linguagem escrita.<\/p>\n<p>Antes de distribuir o seu curr\u00edculo verifique se escreveu tudo de forma correta, se houverem erros gramaticais, fa\u00e7a a corre\u00e7\u00e3o imediatamente. N\u00e3o utilize g\u00edrias ou escreva de maneira informal, pois pode passar uma imagem negativa do profissional que voc\u00ea \u00e9. Dessa forma, recomendamos que se atente ao portugu\u00eas e busque formalidade em suas descri\u00e7\u00f5es.<\/p>\n<p>Al\u00e9m disso, quando utilizar as fontes gr\u00e1ficas para montar o <strong>curr\u00edculo<\/strong>, use apenas tons s\u00f3brios, nada de utilizar letras cursivas, colorir as palavras ou deixar muito enfeitado o seu <em>curriculum vitae<\/em>.<\/p>\n<p>&nbsp;<\/p>\n<ul>\n<li><strong>Forma\u00e7\u00e3o e experi\u00eancias profissionais<\/strong><\/li>\n<\/ul>\n<p>Por fim, sugerimos que voc\u00ea fa\u00e7a algumas descri\u00e7\u00f5es, tanto na forma\u00e7\u00e3o quanto nas experi\u00eancias profissionais. Especifique qual o seu tipo de forma\u00e7\u00e3o, tais como: escolas, universidades e outros cursos acad\u00eamicos, como especializa\u00e7\u00f5es, al\u00e9m disso, informe o nome da institui\u00e7\u00e3o, cidade, diploma e ano de conclus\u00e3o.<\/p>\n<p>Com rela\u00e7\u00e3o a forma\u00e7\u00e3o, voc\u00ea deve inserir n\u00e3o apenas o que j\u00e1 concluiu, mas se teve algum destaque dentro do ambiente escolar. Por exemplo: se j\u00e1 fez palestras, era do gr\u00eamio, realizou um intercambio, enfim, tudo isso pode acrescentar a sua busca de recoloca\u00e7\u00e3o no mercado.<\/p>\n<p>Enquanto que nas experi\u00eancias profissionais, voc\u00ea n\u00e3o pode deixar de escrever no seu <strong>curr\u00edculo<\/strong> as principais fun\u00e7\u00f5es desempenhadas. E mais, voc\u00ea pode colocar os cargos que subiu dentro da empresa, isso ir\u00e1 contar muitos pontos.<\/p>\n","protected":false},"excerpt":{"rendered":"<p>\u00a0 A maior dificuldade, hoje, para conseguir um emprego est\u00e1 nos momentos iniciais, antes de sair a procura. Isto \u00e9,&#8230;<\/p>\n","protected":false},"author":1,"featured_media":749,"comment_status":"closed","ping_status":"open","sticky":false,"template":"","format":"standard","meta":{"footnotes":""},"categories":[1],"tags":[],"class_list":["post-745","post","type-post","status-publish","format-standard","has-post-thumbnail","hentry","category-sem-categoria"],"_links":{"self":[{"href":"https:\/\/elementorh.com.br\/blog\/wp-json\/wp\/v2\/posts\/745","targetHints":{"allow":["GET"]}}],"collection":[{"href":"https:\/\/elementorh.com.br\/blog\/wp-json\/wp\/v2\/posts"}],"about":[{"href":"https:\/\/elementorh.com.br\/blog\/wp-json\/wp\/v2\/types\/post"}],"author":[{"embeddable":true,"href":"https:\/\/elementorh.com.br\/blog\/wp-json\/wp\/v2\/users\/1"}],"replies":[{"embeddable":true,"href":"https:\/\/elementorh.com.br\/blog\/wp-json\/wp\/v2\/comments?post=745"}],"version-history":[{"count":1,"href":"https:\/\/elementorh.com.br\/blog\/wp-json\/wp\/v2\/posts\/745\/revisions"}],"predecessor-version":[{"id":15679,"href":"https:\/\/elementorh.com.br\/blog\/wp-json\/wp\/v2\/posts\/745\/revisions\/15679"}],"wp:featuredmedia":[{"embeddable":true,"href":"https:\/\/elementorh.com.br\/blog\/wp-json\/wp\/v2\/media\/749"}],"wp:attachment":[{"href":"https:\/\/elementorh.com.br\/blog\/wp-json\/wp\/v2\/media?parent=745"}],"wp:term":[{"taxonomy":"category","embeddable":true,"href":"https:\/\/elementorh.com.br\/blog\/wp-json\/wp\/v2\/categories?post=745"},{"taxonomy":"post_tag","embeddable":true,"href":"https:\/\/elementorh.com.br\/blog\/wp-json\/wp\/v2\/tags?post=745"}],"curies":[{"name":"wp","href":"https:\/\/api.w.org\/{rel}","templated":true}]}}