{"id":42,"date":"2018-07-13T18:41:29","date_gmt":"2018-07-13T18:41:29","guid":{"rendered":"http:\/\/photography.oceanwp.org\/?p=42"},"modified":"2022-03-10T13:18:56","modified_gmt":"2022-03-10T16:18:56","slug":"luciana-ferreira","status":"publish","type":"post","link":"https:\/\/elementorh.com.br\/blog\/luciana-ferreira\/","title":{"rendered":"Luciana Ferreira"},"content":{"rendered":"<p>Luciana Ferreira \u00e9 Administradora de empresas, com especializa\u00e7\u00e3o em gest\u00e3o de pessoas (UNIARA) e gest\u00e3o p\u00fablica (ESAB).<\/p>\n<p>Motivada por despertar talentos e otimizar resultados de neg\u00f3cios, tornou-se Coach de profissionais especialista em transi\u00e7\u00e3o de carreira, l\u00edderes e equipes e fundou o grupo Elemento RH, com experi\u00eancia de mais de 12 anos na \u00e1rea de gest\u00e3o de pessoas.<\/p>\n<p>Atualmente, \u00e9 mentora de neg\u00f3cios e agente pela Inovativa Brasil, Jungle no MIT Sloan (2018), membro do conselho deliberativo da ABRH SP (2016-2018). Foi embaixadora da rede internacional de neg\u00f3cios Mulheres que decidem (2015-2016). \u00c9 palestrante especializada em mudan\u00e7a de comportamentos, motiva\u00e7\u00e3o, empreendedorismo e empregabilidade.<\/p>\n<p>Sua frase proferida \u00e9 que: \u201cO sucesso n\u00e3o est\u00e1 l\u00e1 fora para ser alcan\u00e7ado. Est\u00e1 dentro dos talentos que comp\u00f5e as organiza\u00e7\u00f5es para serem descobertos. Para isto, fa\u00e7a a\u00e7\u00f5es positivas. Tudo come\u00e7a com uma decis\u00e3o\u201d.<\/p>\n<p><strong>SERVI\u00c7OS<\/strong><\/p>\n<p><strong>Palestras<\/strong><\/p>\n<p><strong>Trilhas da carreira:<\/strong><\/p>\n<p><span style=\"color: #0000ff;\">Como fazer a diferen\u00e7a em 6 passos<\/span><\/p>\n<p>Em algum momento da vida,\u00a0seremos\u00a0convidados a conhecer,\u00a0de fato, quais s\u00e3o os nossos valores, qual \u00e9 a nossa paix\u00e3o, qual \u00e9 o nosso prop\u00f3sito, e como a nossa trilha\/escolhas estar\u00e3o articuladas a tudo isso. Quando possu\u00edmos autoconhecimento, sabemos exatamente o que queremos, o que devemos fazer e o que n\u00e3o aceitamos. Assim, a disciplina nos ajuda no autocontrole para gerir todas as\u00a0<strong><u>emo\u00e7\u00f5es<\/u><\/strong>\u00a0e necessidades, ou seja, conseguimos fazer escolhas sem ultrapassar nossos limites. A Palestra trar\u00e1 6 passos que lhe ajudar\u00e3o a fazer a diferen\u00e7a no mercado de trabalho e em sua carreira.<\/p>\n<p>&nbsp;<\/p>\n<p><span style=\"color: #0000ff;\">A Chave da alta performance e o segredo para construir um networking de sucesso<\/span><\/p>\n<p>Todos n\u00f3s precisamos de press\u00f5es para alcan\u00e7ar melhores resultados e ajudar-nos a ter um norte para que possamos sair do lugar. A palestra a Chave da alta performance, proporcionar\u00e1 o ensino de chaves e os segredos para a execu\u00e7\u00e3o em alta performance e alcance dos seus pr\u00f3ximos n\u00edveis com maestria.<\/p>\n<p>&nbsp;<\/p>\n<p><span style=\"color: #0000ff;\">Como aumentar sua empregabilidade uma vis\u00e3o pratica de t\u00e9cnicas e ferramentas<\/span><\/p>\n<p>Hoje, o profissional melhor preparado \u00e9 contratado. As organiza\u00e7\u00f5es buscam resultados r\u00e1pidos. Esta palestra busca demonstrar, atrav\u00e9s de uma vis\u00e3o pr\u00e1tica, t\u00e9cnicas e ferramentas, para que o profissional possa aumentar sua empregabilidade.<\/p>\n<p>&nbsp;<\/p>\n<p><span style=\"color: #0000ff;\">Gest\u00e3o da produtividade: A chave para o sucesso<\/span><\/p>\n<p>&nbsp;<\/p>\n<p>Correria, compromissos apertados, reuni\u00f5es, planejamento, atividades rotineiras, imprevistos\u2026 e no final do dia, parece que o tempo n\u00e3o foi suficiente para realizar tudo o que precisamos. Com tantas exig\u00eancias no dia-a-dia, seja na esfera profissional, social ou pessoal, muitas vezes, fica a sensa\u00e7\u00e3o de n\u00e3o ter realizado o suficiente \u2013 ou da melhor forma que poder\u00edamos. Assim, esta palestra tem por objetivo lhe ensinar a fazer o tempo trabalhar a seu favor e alcan\u00e7ar o sucesso.<\/p>\n<p>&nbsp;<\/p>\n<p><span style=\"color: #0000ff;\">Startup: conex\u00f5es, revolu\u00e7\u00f5es e o empreendedorismo de impacto<\/span><\/p>\n<p>&nbsp;<\/p>\n<p>O mundo mudou muito e, muitos, ainda n\u00e3o est\u00e3o entendendo o tamanho disso tudo. Por tr\u00e1s dessa grande revolu\u00e7\u00e3o, pessoas inovadoras, engajadas, inquietas, fazem a diferen\u00e7a. Muitas percebem que tudo muda, o tempo todo, desde o jeito que voc\u00ea pede comida, dorme at\u00e9 o jeito como trabalha, procura emprego, viaja. Nada mais \u00e9 igual, e tudo isso devido ao empreendedorismo e pessoas que questionam a realidade.\u00a0\u00a0 Assim, o tema startups: Conex\u00f5es e o empreendedorismo de impacto, chama a aten\u00e7\u00e3o, nos dias de hoje, devido as principais economias estarem investindo nesta \u00e1rea.\u00a0 A revolu\u00e7\u00e3o j\u00e1 est\u00e1 acontecendo e \u00e9 irrevers\u00edvel.<\/p>\n<p><span style=\"color: #0000ff;\">Como se posicionar no mercado de trabalho com sucesso<\/span><\/p>\n<p>&nbsp;<\/p>\n<p>Com o cen\u00e1rio atual brasileiro de crise econ\u00f4mica e reformula\u00e7\u00e3o de muitas \u00e1reas no mercado de trabalho, \u00e9 comum encontrar profissionais perdidos em rela\u00e7\u00e3o \u00e0 postura que devem adotar nesse contexto. Assim, o tema abordar\u00e1 maneiras de definir um posicionamento, e ir mais r\u00e1pido, rumo a atua\u00e7\u00e3o na \u00e1rea profissional e ser reconhecido pelo mercado.<\/p>\n<p>&nbsp;<\/p>\n<p><span style=\"color: #0000ff;\">As novas formas de conectar sua carreira com Mercado de trabalho em cen\u00e1rios competitivos.<\/span><\/p>\n<p>&nbsp;<\/p>\n<p>Tratar\u00e1 com os participantes as novas formas de conectar a carreira com o mercado de trabalho, abordando conte\u00fados e esclarecendo d\u00favidas como: Marketing pessoal, a import\u00e2ncia de um bom curr\u00edculo para recoloca\u00e7\u00e3o. Afinal, o que colocar no seu curr\u00edculo? Qual o melhor layout? Como sair melhor nos testes? Quais os cuidados a tomar frente \u00e0s redes sociais? E no processo seletivo? Como estabelecer objetivos para sua carreira? Como responder \u00e0 pergunta: \u201cEsse emprego \u00e9 para mim? Promovendo todas as \u00e1reas importantes para seu desenvolvimento profissional e satisfa\u00e7\u00e3o pessoal.<\/p>\n<p>&nbsp;<\/p>\n<p>&nbsp;<\/p>\n<p><strong>Trilhas da lideran\u00e7a:<\/strong><\/p>\n<p><span style=\"color: #0000ff;\">Construindo equipes de alta performance para o sucesso<\/span><\/p>\n<p>O dia a dia nas organiza\u00e7\u00f5es tem sido extremamente din\u00e2mico e imprevis\u00edvel, onde mudan\u00e7as constantes fazem com que a\u00e7\u00f5es e decis\u00f5es tenham que acontecer de forma r\u00e1pida. E para o alcance de resultados, o trabalho em equipe bem executado torna-se fundamental. Assim, este tema aborda conceitos, transformando a sua equipe em um membro central do pr\u00f3prio desenvolvimento.<\/p>\n<p><span style=\"color: #0000ff;\">Como ser um l\u00edder Coach<\/span><\/p>\n<p>Desenvolver uma lideran\u00e7a eficiente \u00e9 a busca constante de muitos gestores e chefes que procuram alcan\u00e7ar o sucesso profissional. Por\u00e9m, alcan\u00e7ar esta t\u00e3o almejada habilidade n\u00e3o \u00e9, nem de longe, uma tarefa f\u00e1cil. Esta tem\u00e1tica tem por objetivo torn\u00e1-lo um l\u00edder diferenciado, atento \u00e0s novas demandas, alcan\u00e7ando o sucesso profissional e das pessoas que o cercam.<\/p>\n<p>&nbsp;<\/p>\n<p><span style=\"color: #0000ff;\">Como formar equipes vencedoras<\/span><\/p>\n<p>O mundo est\u00e1 se tornando uma arena de competidores vorazes e sem limites, onde ter pessoas de mente oxigenada que, desde cedo, percebem que ser vencedor hoje, n\u00e3o significa s\u00ea-lo pelo resto da vida. Nesta palestra, trataremos de estrat\u00e9gias de sucesso para a forma\u00e7\u00e3o de equipes vencedoras, guiando seus colaboradores para que consigam produzir com qualidade, perceber o valor do pr\u00f3prio trabalho e lutar pelos interesses da empresa.<\/p>\n<p>&nbsp;<\/p>\n<p><strong>Desenvolvimento de talentos<\/strong><\/p>\n<p>&nbsp;<\/p>\n<p><span style=\"color: #0000ff;\">Treinamentos<\/span><\/p>\n<p>&nbsp;<\/p>\n<p><span style=\"color: #0000ff;\">Superando limites e saindo do lugar<\/span><\/p>\n<p>O caminho do ser humano para viver, conviver e sobreviver, \u00e9 permeado de a\u00e7\u00f5es criativas conscientes e inconscientes. O treinamento \u201cSuperando limites\u201d far\u00e1 com que cada participante, liberte-se de antigos h\u00e1bitos com as seguintes atitudes: reveja! Questione! Descubra! Crie! Imagine! Planeje!<\/p>\n<p><span style=\"color: #0000ff;\">Atendimento de excel\u00eancia com foco em resultados<\/span><\/p>\n<p>&nbsp;<\/p>\n<p>Atualmente, a excel\u00eancia no atendimento ao cliente tem sido um dos maiores diferenciais competitivos do mercado e o fator principal para o sucesso das empresas. Assim, n\u00e3o existem empresas que tenham resultados sem a satisfa\u00e7\u00e3o de um cliente. Nesse contexto, voc\u00ea j\u00e1 se perguntou: Quantas a\u00e7\u00f5es voc\u00ea vem fazendo desde hoje para superar desafios e metas que podem fazer a diferen\u00e7a rumo ao seu objetivo? Que resultados voc\u00ea se v\u00ea obtendo daqui h\u00e1 6 meses?\u00a0 Ap\u00f3s esse treinamento voc\u00ea ser\u00e1 capaz de notar uma mudan\u00e7a positiva surpreendente em sua vida. E lembre-se: todas as a\u00e7\u00f5es refletem em seu objetivo, como o luar, que procura fazer a diferen\u00e7a em seu brilho todos os dias.<\/p>\n<p>&nbsp;<\/p>\n<p><span style=\"color: #0000ff;\">Vencendo os desafios do TCC<\/span><\/p>\n<p>Este treinamento tem por objetivo discutir a maneira de como construir um trabalho acad\u00eamico com qualidade, vencendo as dificuldades, desenvolvendo seu trabalho de forma r\u00e1pida e simples, sem necessitar de consultas a v\u00e1rios manuais sobre normas ABNT, constru\u00e7\u00e3o de textos, formata\u00e7\u00e3o entre outros.<\/p>\n<p>&nbsp;<\/p>\n<p><span style=\"color: #0000ff;\">Coaching<\/span><\/p>\n<p>Hoje, mais e mais empresas e profissionais buscam por melhores resultados atrav\u00e9s de ganhos de produtividade e desempenho. O Coaching tornou-se uma ferramenta comprovada no desenvolvimento de profissionais em diversos momentos da carreira, uma vez que gera resultados ao desenvolver compet\u00eancias, aumentando sua performance.<\/p>\n<p>Prezando pelo despertar de talentos e pela transforma\u00e7\u00e3o de profissionais comuns em profissionais de sucesso, nossas t\u00e9cnicas e ferramentas de coaching s\u00e3o indicadas \u00e0s pessoas que buscam melhorias de desempenho gerencial, aquisi\u00e7\u00e3o de habilidades comportamentais, recoloca\u00e7\u00e3o no mercado ou resolu\u00e7\u00e3o de desafios espec\u00edficos do cotidiano. Garantimos sess\u00f5es construtivas, nas quais o cliente &#8211; ou melhor, coachee &#8211; percebe que atingir seus objetivos \u00e9 bastante f\u00e1cil. Nossa metodologia estabelece e mant\u00eam um relacionamento positivo e profissional com o cliente, conduzindo-o de forma saud\u00e1vel pelo processo de mudan\u00e7a e evolu\u00e7\u00e3o, com resultados not\u00e1veis. Luciana Ferreira, \u00e9 certificada pelas melhores institui\u00e7\u00f5es do mundo, utilizando uma combina\u00e7\u00e3o de ferramentas e t\u00e9cnicas avan\u00e7adas e inovadoras de transforma\u00e7\u00e3o dispon\u00edveis no mundo. Por meio de seu atendimento, voc\u00ea ter\u00e1 muito mais que apenas uma Coach, voc\u00ea ter\u00e1 acesso \u00e0 ferramentas avan\u00e7adas e estrat\u00e9gias para torna-lo um profissional campe\u00e3o e guia-lo a voos mais altos.<\/p>\n<p><strong>\u00c1rea Emocional<\/strong><\/p>\n<p>Ampliar a autoestima, motiva\u00e7\u00e3o, humor, autoconhecimento e autoconfian\u00e7a.<\/p>\n<p><strong>Comportamento<\/strong><\/p>\n<p>Aprender a eliminar h\u00e1bitos e comportamentos indesej\u00e1veis, substituindo-os por condutas mais produtivas e efetivas<\/p>\n<p><strong>Relacionamentos<\/strong><\/p>\n<p>Desenvolver a capacidade de se comunicar e estabelecer rela\u00e7\u00f5es satisfat\u00f3rias e produtivas.<\/p>\n<p><strong>Habilidades<\/strong><\/p>\n<p>Aprimorar a capacidade de gerir pessoas e equipes de trabalho, negociar, resolver conflitos e desenvolver pessoas.<\/p>\n<p>&nbsp;<\/p>\n<p>Temas personalizados de acordo com o seu desafio<\/p>\n<p>&nbsp;<\/p>\n","protected":false},"excerpt":{"rendered":"<p>Luciana Ferreira \u00e9 Administradora de empresas, com especializa\u00e7\u00e3o em gest\u00e3o de pessoas (UNIARA) e gest\u00e3o p\u00fablica (ESAB). Motivada por despertar&#8230;<\/p>\n","protected":false},"author":1,"featured_media":486,"comment_status":"closed","ping_status":"open","sticky":false,"template":"","format":"standard","meta":{"footnotes":""},"categories":[1],"tags":[],"class_list":["post-42","post","type-post","status-publish","format-standard","has-post-thumbnail","hentry","category-sem-categoria"],"_links":{"self":[{"href":"https:\/\/elementorh.com.br\/blog\/wp-json\/wp\/v2\/posts\/42","targetHints":{"allow":["GET"]}}],"collection":[{"href":"https:\/\/elementorh.com.br\/blog\/wp-json\/wp\/v2\/posts"}],"about":[{"href":"https:\/\/elementorh.com.br\/blog\/wp-json\/wp\/v2\/types\/post"}],"author":[{"embeddable":true,"href":"https:\/\/elementorh.com.br\/blog\/wp-json\/wp\/v2\/users\/1"}],"replies":[{"embeddable":true,"href":"https:\/\/elementorh.com.br\/blog\/wp-json\/wp\/v2\/comments?post=42"}],"version-history":[{"count":1,"href":"https:\/\/elementorh.com.br\/blog\/wp-json\/wp\/v2\/posts\/42\/revisions"}],"predecessor-version":[{"id":15719,"href":"https:\/\/elementorh.com.br\/blog\/wp-json\/wp\/v2\/posts\/42\/revisions\/15719"}],"wp:featuredmedia":[{"embeddable":true,"href":"https:\/\/elementorh.com.br\/blog\/wp-json\/wp\/v2\/media\/486"}],"wp:attachment":[{"href":"https:\/\/elementorh.com.br\/blog\/wp-json\/wp\/v2\/media?parent=42"}],"wp:term":[{"taxonomy":"category","embeddable":true,"href":"https:\/\/elementorh.com.br\/blog\/wp-json\/wp\/v2\/categories?post=42"},{"taxonomy":"post_tag","embeddable":true,"href":"https:\/\/elementorh.com.br\/blog\/wp-json\/wp\/v2\/tags?post=42"}],"curies":[{"name":"wp","href":"https:\/\/api.w.org\/{rel}","templated":true}]}}