{"id":16048,"date":"2025-12-02T08:30:00","date_gmt":"2025-12-02T11:30:00","guid":{"rendered":"https:\/\/elementorh.com.br\/blog\/?p=16048"},"modified":"2025-11-27T16:14:26","modified_gmt":"2025-11-27T19:14:26","slug":"encerrar-ciclos-e-um-ato-de-lideranca-o-que-2025-nos-ensinou-sobre-cultura-saude-emocional-e-resultados","status":"publish","type":"post","link":"https:\/\/elementorh.com.br\/blog\/encerrar-ciclos-e-um-ato-de-lideranca-o-que-2025-nos-ensinou-sobre-cultura-saude-emocional-e-resultados\/","title":{"rendered":"Encerrar ciclos \u00e9 um ato de lideran\u00e7a: O que 2025 nos ensinou sobre cultura, sa\u00fade emocional e resultados."},"content":{"rendered":"\n<p>Dezembro sempre me ensinou mais sobre gest\u00e3o do que qualquer curso t\u00e9cnico.<br>\u00c9 quando percebemos, quase de forma silenciosa que tudo aquilo que evitamos durante o ano come\u00e7a a cobrar espa\u00e7o: conversas n\u00e3o feitas, feedbacks n\u00e3o dados, limites ignorados, sobrecarga acumulada, emo\u00e7\u00f5es empurradas para \u201cquando der\u201d.<\/p>\n\n\n\n<blockquote class=\"wp-block-quote is-layout-flow wp-block-quote-is-layout-flow\">\n<p>E talvez essa seja a maior verdade sobre lideran\u00e7a:<br><strong>n\u00e3o existe resultado sustentado quando o emocional n\u00e3o est\u00e1 resolvido.<\/strong><\/p>\n<\/blockquote>\n\n\n\n<p>Ao conversar com gestores e profissionais de RH em mentorias, percebo um padr\u00e3o:<br>As empresas querem \u201ccrescer no pr\u00f3ximo ano\u201d, mas continuam evitando a pergunta mais importante:<\/p>\n\n\n\n<blockquote class=\"wp-block-quote is-layout-flow wp-block-quote-is-layout-flow\">\n<p><strong>\u201cO que, emocionalmente, precisa ser encerrado para que a cultura renas\u00e7a no pr\u00f3ximo ciclo?\u201d<\/strong><\/p>\n<\/blockquote>\n\n\n\n<p>Sim \u2014 cultura tamb\u00e9m tem desgaste emocional.<br>E dezembro \u00e9 o \u00fanico m\u00eas que nos obriga a olhar para isso.<\/p>\n\n\n\n<h3 class=\"wp-block-heading\"><strong>1. Ciclos n\u00e3o se fecham sozinhos (e cultura tamb\u00e9m n\u00e3o)<\/strong><\/h3>\n\n\n\n<p>A cultura de uma empresa n\u00e3o muda em janeiro.<br>Ela muda agora, no sil\u00eancio do \u00faltimo m\u00eas do ano, quando l\u00edderes fazem escolhas conscientes sobre quem querem ser na virada.<\/p>\n\n\n\n<p>Encerrar ciclos \u00e9 um ato de coragem.<br>\u00c9 admitir que:<\/p>\n\n\n\n<ul class=\"wp-block-list\">\n<li>Algumas pr\u00e1ticas j\u00e1 n\u00e3o servem mais,<\/li>\n\n\n\n<li>Algumas pessoas n\u00e3o querem crescer com voc\u00ea,<\/li>\n\n\n\n<li>Alguns h\u00e1bitos precisam morrer para que novos possam nascer.<\/li>\n<\/ul>\n\n\n\n<p>Cultura \u00e9 um organismo vivo.<br>E Dezembro \u00e9 o check-up emocional que evitamos o ano inteiro.<\/p>\n\n\n\n<h3 class=\"wp-block-heading\"><strong>2. O que este ano mostrou sobre sa\u00fade emocional nas empresas<\/strong><\/h3>\n\n\n\n<p>Este ano, escancarou o que sempre esteve \u00f3bvio: <strong>as pessoas n\u00e3o adoecem apenas por carga de trabalho &#8211; adoecem por falta de sentido, falta de comunica\u00e7\u00e3o e falta de seguran\u00e7a emocional.<\/strong><\/p>\n\n\n\n<p>Um ambiente inseguro emocionalmente exige que as pessoas \u201cperformem vers\u00f5es de si\u201d.<br>E isso esgota.<\/p>\n\n\n\n<p>Empresas emocionalmente seguras s\u00e3o aquelas que:<\/p>\n\n\n\n<ul class=\"wp-block-list\">\n<li>Permitem vulnerabilidade sem puni\u00e7\u00e3o,<\/li>\n\n\n\n<li>Treinam l\u00edderes para escutar al\u00e9m das palavras,<\/li>\n\n\n\n<li>Entendem que produtividade n\u00e3o \u00e9 maratona, \u00e9 consist\u00eancia.<\/li>\n<\/ul>\n\n\n\n<p>E isso n\u00e3o se constr\u00f3i com frases de impacto.<br>Se constr\u00f3i com presen\u00e7a.<\/p>\n\n\n\n<h3 class=\"wp-block-heading\"><strong>3. A pergunta que mais transformou meus \u00faltimos 10 anos<\/strong><\/h3>\n\n\n\n<p>Depois de viver dois burnout e reconstruir minha identidade profissional, entendi que existe uma pergunta que todo l\u00edder deveria fazer em dezembro:<\/p>\n\n\n\n<blockquote class=\"wp-block-quote is-layout-flow wp-block-quote-is-layout-flow\">\n<p><strong>\u201cO que eu preciso deixar ir para liderar com consci\u00eancia no pr\u00f3ximo ano?\u201d<\/strong><\/p>\n<\/blockquote>\n\n\n\n<p>\u00c9 simples. Mas n\u00e3o \u00e9 leve.<br>Porque ela pede responsabilidade.<br>Pede verdade.<br>Pede maturidade emocional.<\/p>\n\n\n\n<p>E essa \u00e9 a nova ess\u00eancia da lideran\u00e7a que ensino na forma\u00e7\u00e3o:<\/p>\n\n\n\n<blockquote class=\"wp-block-quote is-layout-flow wp-block-quote-is-layout-flow\">\n<p>\u201cLiderar n\u00e3o \u00e9 controlar.<br>Liderar \u00e9 despertar.\u201d<\/p>\n<\/blockquote>\n\n\n\n<h3 class=\"wp-block-heading\"><strong>4. Como preparar sua cultura para 2026 (sem romantizar o processo)<\/strong><\/h3>\n\n\n\n<p>N\u00e3o existe prosperidade sem limpeza emocional.<br>N\u00e3o existe resultado sem clareza de prop\u00f3sito.<br>N\u00e3o existe equipe forte quando a lideran\u00e7a est\u00e1 exausta e desconectada de si.<\/p>\n\n\n\n<p>Para iniciar 2026 com uma cultura realmente s\u00f3lida, l\u00edderes precisam:<\/p>\n\n\n\n<p><strong>1. Revisar cren\u00e7as<\/strong><br>Quais comportamentos est\u00e3o alimentando o medo e chamando isso de \u201cprodutividade\u201d?<\/p>\n\n\n\n<p><strong>2. Rever prioridades<\/strong><br>O que \u00e9 essencial? O que \u00e9 ru\u00eddo?<br>2026 ser\u00e1 o ano das empresas que fazem menos, mas fazem melhor.<\/p>\n\n\n\n<p><strong>3. Reconhecer pessoas de verdade<\/strong><br>Reconhecimento n\u00e3o \u00e9 \u201cparab\u00e9ns, equipe\u201d.<br>\u00c9 enxergar, nomear e validar.<\/p>\n\n\n\n<p><strong>4. Construir seguran\u00e7a psicol\u00f3gica intencional<\/strong><br>Isso n\u00e3o ocorre naturalmente.<br>Requer sistema, rotina e lideran\u00e7a treinada.<\/p>\n\n\n\n<h3 class=\"wp-block-heading\"><strong><mark style=\"background-color:rgba(0, 0, 0, 0)\" class=\"has-inline-color has-vivid-cyan-blue-color\">Dezembro \u00e9 espelho, n\u00e3o fim<\/mark><\/strong><\/h3>\n\n\n\n<p>Ele nos mostra quem fomos durante o ano \u2014 e quem ainda podemos ser.<\/p>\n\n\n\n<p>Voc\u00ea n\u00e3o precisa virar o ano exausta.<br>Voc\u00ea n\u00e3o precisa carregar ciclos antigos para 2025.<br>Voc\u00ea n\u00e3o precisa sobreviver \u00e0 lideran\u00e7a.<br>Voc\u00ea pode <strong>despertar<\/strong> uma nova forma de conduzir pessoas, processos e a si mesma.<\/p>\n\n\n\n<p>E talvez esse seja o maior presente que voc\u00ea pode dar ao seu time e \u00e0 sua pr\u00f3pria hist\u00f3ria.<\/p>\n\n\n\n<p>Se voc\u00ea quer iniciar 2026 liderando com consci\u00eancia, clareza emocional e resultados sustent\u00e1veis, conhe\u00e7a minha mentoria individual.<\/p>\n\n\n\n<p>\u00c9 para l\u00edderes que est\u00e3o prontas para transcender o operacional e construir culturas que prosperam de dentro para fora.<\/p>\n\n\n\n<blockquote class=\"wp-block-quote is-layout-flow wp-block-quote-is-layout-flow\">\n<p><mark>Acompanhe os bastidores do movimento nas redes da nossa CEO:&nbsp;<a class=\"\" href=\"https:\/\/www.instagram.com\/lucianacarolf\">@lucianacarolf<\/a><\/mark><\/p>\n<\/blockquote>\n\n\n\n<p>Fale com nosso\u00a0<a href=\"https:\/\/elementorh.com.br\/contato.php\">time de neg\u00f3cios<\/a>\u00a0e agende uma conversa estrat\u00e9gica com nossa equipe.<\/p>\n\n\n\n<p><\/p>\n","protected":false},"excerpt":{"rendered":"<p>Dezembro sempre me ensinou mais sobre gest\u00e3o do que qualquer curso t\u00e9cnico.\u00c9 quando percebemos, quase de forma silenciosa que tudo&#8230;<\/p>\n","protected":false},"author":1,"featured_media":16049,"comment_status":"closed","ping_status":"open","sticky":true,"template":"","format":"standard","meta":{"footnotes":""},"categories":[179],"tags":[157,50,78,145,74,57,64,82],"class_list":["post-16048","post","type-post","status-publish","format-standard","has-post-thumbnail","hentry","category-empresas","tag-culturaorganizacional","tag-desenvolvimento","tag-elemento-rh","tag-inteligenciaemocional","tag-lideranca","tag-recrutamento-e-selecao","tag-recursos-humanos","tag-rh"],"_links":{"self":[{"href":"https:\/\/elementorh.com.br\/blog\/wp-json\/wp\/v2\/posts\/16048","targetHints":{"allow":["GET"]}}],"collection":[{"href":"https:\/\/elementorh.com.br\/blog\/wp-json\/wp\/v2\/posts"}],"about":[{"href":"https:\/\/elementorh.com.br\/blog\/wp-json\/wp\/v2\/types\/post"}],"author":[{"embeddable":true,"href":"https:\/\/elementorh.com.br\/blog\/wp-json\/wp\/v2\/users\/1"}],"replies":[{"embeddable":true,"href":"https:\/\/elementorh.com.br\/blog\/wp-json\/wp\/v2\/comments?post=16048"}],"version-history":[{"count":1,"href":"https:\/\/elementorh.com.br\/blog\/wp-json\/wp\/v2\/posts\/16048\/revisions"}],"predecessor-version":[{"id":16050,"href":"https:\/\/elementorh.com.br\/blog\/wp-json\/wp\/v2\/posts\/16048\/revisions\/16050"}],"wp:featuredmedia":[{"embeddable":true,"href":"https:\/\/elementorh.com.br\/blog\/wp-json\/wp\/v2\/media\/16049"}],"wp:attachment":[{"href":"https:\/\/elementorh.com.br\/blog\/wp-json\/wp\/v2\/media?parent=16048"}],"wp:term":[{"taxonomy":"category","embeddable":true,"href":"https:\/\/elementorh.com.br\/blog\/wp-json\/wp\/v2\/categories?post=16048"},{"taxonomy":"post_tag","embeddable":true,"href":"https:\/\/elementorh.com.br\/blog\/wp-json\/wp\/v2\/tags?post=16048"}],"curies":[{"name":"wp","href":"https:\/\/api.w.org\/{rel}","templated":true}]}}